{"id":854,"date":"2026-08-20T12:15:36","date_gmt":"2026-08-20T16:15:36","guid":{"rendered":"https:\/\/medprepp.ca\/?p=854"},"modified":"2026-08-25T09:58:01","modified_gmt":"2026-08-25T13:58:01","slug":"join-afmc-board-of-directors","status":"publish","type":"post","link":"https:\/\/medprepp.ca\/fr\/join-afmc-board-of-directors\/","title":{"rendered":"Rejoignez le Conseil d\u2019Administration de l\u2019AFMC !"},"content":{"rendered":"<p class=\"wp-block-paragraph\">L\u2019Association des facult\u00e9s de m\u00e9decine du Canada (AFMC) est actuellement \u00e0 la recherche d\u2019un membre du public pouvant apporter la perspective de la communaut\u00e9 apprenante pour si\u00e9ger \u00e0 son Conseil d\u2019administration.<\/p>\n\n\n\n<p class=\"wp-block-paragraph\">C\u2019est une chance unique pour un.e apprenant.e de contribuer aux discussions nationales sur l\u2019\u00e9ducation m\u00e9dicale, la recherche, la responsabilit\u00e9 sociale et la sant\u00e9, tout en repr\u00e9sentant les points de vue des apprenant.e.s des facult\u00e9s de m\u00e9decine de tout le Canada.<\/p>\n\n\n\n<p class=\"wp-block-paragraph\">L\u2019AFMC est le partenariat acad\u00e9mique des facult\u00e9s de m\u00e9decine canadiennes. \u00c0 titre de porte-parole de la m\u00e9decine universitaire canadienne, l'AFMC soutient l'excellence dans l'\u00e9ducation m\u00e9dicale, la recherche et les soins cliniques, tout en faisant progresser les priorit\u00e9s en mati\u00e8re de responsabilit\u00e9 sociale et de sant\u00e9 pour tous les Canadiens.<\/p>\n\n\n\n<p class=\"wp-block-paragraph\">Le Conseil d\u2019administration de l\u2019AFMC est compos\u00e9 de 24 membres, dont les doyennes et doyens des 19 facult\u00e9s de m\u00e9decine du Canada et cinq membres du public, dont l\u2019un est d\u00e9sign\u00e9 pour apporter la perspective de la communaut\u00e9 apprenante.<\/p>\n\n\n\n<h3 class=\"wp-block-heading\"><strong>Conditions d'\u00e9ligibilit\u00e9<\/strong><\/h3>\n\n\n\n<p class=\"wp-block-paragraph\">Les candidats et candidates doivent :<\/p>\n\n\n\n<ul class=\"wp-block-list\">\n<li>\u00catre inscrits comme \u00e9tudiant.e en m\u00e9decine ou comme r\u00e9sident.e dans une facult\u00e9 de m\u00e9decine canadienne ;<\/li>\n\n\n\n<li>R\u00e9sider au Canada au moment de la pr\u00e9sentation de la candidature et pendant toute la dur\u00e9e de leur mandat ;<\/li>\n\n\n\n<li>Conserver leur statut d\u2019apprenant.e pendant toute la dur\u00e9e de leur mandat.<\/li>\n<\/ul>\n\n\n\n<p class=\"wp-block-paragraph\"><\/p>\n\n\n\n<p class=\"wp-block-paragraph\">L\u2019AFMC recherche id\u00e9alement une personne poss\u00e9dant une connaissance du syst\u00e8me d\u2019\u00e9ducation m\u00e9dicale, connaissant le r\u00f4le de l\u2019AFMC et ayant de l\u2019exp\u00e9rience aupr\u00e8s de l\u2019une des organisations d\u2019apprenant.e.s du Canada.<\/p>\n\n\n\n<h3 class=\"wp-block-heading\"><strong>Vos responsabilit\u00e9s<\/strong><\/h3>\n\n\n\n<p class=\"wp-block-paragraph\">Le repr\u00e9sentant des apprenant.e.s aura pour mission de :<\/p>\n\n\n\n<ul class=\"wp-block-list\">\n<li>Pr\u00e9senter le point de vue des apprenant.e.s lors des d\u00e9bats du Conseil d\u2019administration et des d\u00e9cisions strat\u00e9giques<\/li>\n\n\n\n<li>Contribuer aux \u00e9changes visant \u00e0 soutenir les apprenant.e.s, le corps enseignant et les facult\u00e9s de m\u00e9decine \u00e0 travers le Canada<\/li>\n\n\n\n<li>Aider \u00e0 orienter les travaux de l\u2019AFMC visant \u00e0 promouvoir l\u2019excellence dans l\u2019\u00e9ducation m\u00e9dicale, la recherche, la responsabilit\u00e9 sociale et la sant\u00e9 pour tous les Canadiens<\/li>\n<\/ul>\n\n\n\n<h3 class=\"wp-block-heading\"><strong>Engagement<\/strong><\/h3>\n\n\n\n<p class=\"wp-block-paragraph\">La dur\u00e9e initiale du mandat sera de <strong>trois (3) ans<\/strong> et pourra \u00eatre renouvel\u00e9e tant que la personne conserve son statut d\u2019apprenant.e et continue de satisfaire aux exigences d\u2019admissibilit\u00e9. Si le membre du public apportant la perspective de la communaut\u00e9 cesse d\u2019\u00eatre inscrit \u00e0 une facult\u00e9 de m\u00e9decine canadienne, d\u00e9m\u00e9nage \u00e0 l\u2019ext\u00e9rieur du Canada ou ne satisfait plus autrement aux exigences d\u2019admissibilit\u00e9, il. elle ne sera plus admissible \u00e0 poursuivre son mandat comme membre du public du Conseil.<\/p>\n\n\n\n<p class=\"wp-block-paragraph\">Les activit\u00e9s du Conseil incluent :<\/p>\n\n\n\n<ul class=\"wp-block-list\">\n<li>R\u00e9union en personne \u00e0 Ottawa chaque automne<\/li>\n\n\n\n<li>R\u00e9union en personne pendant le Congr\u00e8s international de m\u00e9decine universitaire (CIMU) chaque printemps<\/li>\n\n\n\n<li>R\u00e9unions virtuelles pendant l\u2019hiver et le d\u00e9but de l\u2019\u00e9t\u00e9<\/li>\n\n\n\n<li>R\u00e9unions sp\u00e9ciales virtuelles de deux heures tous les trimestres<\/li>\n<\/ul>\n\n\n\n<p class=\"wp-block-paragraph\"><\/p>\n\n\n\n<p class=\"wp-block-paragraph\">La personne retenue sera invit\u00e9e \u00e0 participer \u00e0 la r\u00e9union du Conseil d\u2019administration de l\u2019AFMC qui aura lieu les 2 et 3 novembre 2026, \u00e0 Ottawa.<\/p>\n\n\n\n<p class=\"wp-block-paragraph\">Il s\u2019agit d\u2019un r\u00f4le b\u00e9n\u00e9vole non r\u00e9mun\u00e9r\u00e9 ; les frais de d\u00e9placement li\u00e9s aux activit\u00e9s en personne du Conseil sont rembours\u00e9s conform\u00e9ment \u00e0 la politique de d\u00e9placement de l\u2019AFMC.<\/p>\n\n\n\n<h3 class=\"wp-block-heading\"><strong>Comment postuler ?<\/strong><\/h3>\n\n\n\n<p class=\"wp-block-paragraph\">Les candidats int\u00e9ress\u00e9s sont invit\u00e9s \u00e0 soumettre :<\/p>\n\n\n\n<ul class=\"wp-block-list\">\n<li>Un bref CV<\/li>\n\n\n\n<li>Une lettre d\u2019int\u00e9r\u00eat<\/li>\n<\/ul>\n\n\n\n<p class=\"wp-block-paragraph\"><\/p>\n\n\n\n<p class=\"wp-block-paragraph\">Pour plus d'informations sur l'\u00e9ligibilit\u00e9 et le temps \u00e0 consacrer \u00e0 cet engagement, <a href=\"https:\/\/www.afmc.ca\/wp-content\/uploads\/2026\/08\/AFMC-Public-Member_Learner_Call-for-Interest_2026_FR-.pdf\">veuillez consulter la description compl\u00e8te du r\u00f4le<\/a>.<\/p>\n\n\n\n<p class=\"wp-block-paragraph\"><strong>Date limite :<\/strong> lundi 7 septembre, 2026<\/p>\n\n\n\n<p class=\"wp-block-paragraph\">Envoyez les applications \u00e0 : president@afmc.ca<\/p>\n\n\n\n<p class=\"wp-block-paragraph\">Les candidats et candidates pr\u00e9s\u00e9lectionn\u00e9s seront re\u00e7us en entrevue virtuelle au d\u00e9but d\u2019octobre 2026.<\/p>\n\n\n\n<p class=\"wp-block-paragraph\">Pour toute question, veuillez communiquer avec Susan Blackmer \u00e0 sblackmer@afmc.ca.<\/p>","protected":false},"excerpt":{"rendered":"<p>The Association of Faculties of Medicine of Canada (AFMC) is seeking a Public Member designated to bring the perspective of the learner community to its Board of Directors. This is a unique opportunity for a medical learner to contribute to national discussions on medical education, research, social accountability, and health care, while representing the perspectives [&hellip;]<\/p>\n","protected":false},"author":6,"featured_media":0,"comment_status":"closed","ping_status":"closed","sticky":false,"template":"","format":"standard","meta":{"footnotes":""},"categories":[7,6],"tags":[],"class_list":["post-854","post","type-post","status-publish","format-standard","hentry","category-medical-school","category-undergraduate-studies"],"yoast_head":"<!-- This site is optimized with the Yoast SEO plugin v28.3 - https:\/\/yoast.com\/product\/yoast-seo-wordpress\/ -->\n<title>Join AFMC Board of Directors! - MedPREPP<\/title>\n<meta name=\"robots\" content=\"index, follow, max-snippet:-1, max-image-preview:large, max-video-preview:-1\" \/>\n<link rel=\"canonical\" href=\"https:\/\/medprepp.ca\/fr\/join-afmc-board-of-directors\/\" \/>\n<meta property=\"og:locale\" content=\"fr_CA\" \/>\n<meta property=\"og:type\" content=\"article\" \/>\n<meta property=\"og:title\" content=\"Join AFMC Board of Directors! - MedPREPP\" \/>\n<meta property=\"og:description\" content=\"The Association of Faculties of Medicine of Canada (AFMC) is seeking a Public Member designated to bring the perspective of the learner community to its Board of Directors. This is a unique opportunity for a medical learner to contribute to national discussions on medical education, research, social accountability, and health care, while representing the perspectives [&hellip;]\" \/>\n<meta property=\"og:url\" content=\"https:\/\/medprepp.ca\/fr\/join-afmc-board-of-directors\/\" \/>\n<meta property=\"og:site_name\" content=\"MedPREPP\" \/>\n<meta property=\"article:published_time\" content=\"2026-08-20T16:15:36+00:00\" \/>\n<meta property=\"article:modified_time\" content=\"2026-08-25T13:58:01+00:00\" \/>\n<meta name=\"author\" content=\"Marina Toure\" \/>\n<meta name=\"twitter:card\" content=\"summary_large_image\" \/>\n<meta name=\"twitter:label1\" content=\"Written by\" \/>\n\t<meta name=\"twitter:data1\" content=\"Marina Toure\" \/>\n\t<meta name=\"twitter:label2\" content=\"Est. reading time\" \/>\n\t<meta name=\"twitter:data2\" content=\"3 minutes\" \/>\n<script type=\"application\/ld+json\" class=\"yoast-schema-graph\">{\"@context\":\"https:\\\/\\\/schema.org\",\"@graph\":[{\"@type\":\"Article\",\"@id\":\"https:\\\/\\\/medprepp.ca\\\/join-afmc-board-of-directors\\\/#article\",\"isPartOf\":{\"@id\":\"https:\\\/\\\/medprepp.ca\\\/join-afmc-board-of-directors\\\/\"},\"author\":{\"name\":\"Marina Toure\",\"@id\":\"https:\\\/\\\/medprepp.mysites.io\\\/#\\\/schema\\\/person\\\/0da72563ae0807117d8b2536aedea5e0\"},\"headline\":\"Join AFMC Board of Directors!\",\"datePublished\":\"2026-08-20T16:15:36+00:00\",\"dateModified\":\"2026-08-25T13:58:01+00:00\",\"mainEntityOfPage\":{\"@id\":\"https:\\\/\\\/medprepp.ca\\\/join-afmc-board-of-directors\\\/\"},\"wordCount\":474,\"publisher\":{\"@id\":\"https:\\\/\\\/medprepp.mysites.io\\\/#organization\"},\"articleSection\":[\"Medical School\",\"Undergraduate Studies\"],\"inLanguage\":\"fr-CA\"},{\"@type\":\"WebPage\",\"@id\":\"https:\\\/\\\/medprepp.ca\\\/join-afmc-board-of-directors\\\/\",\"url\":\"https:\\\/\\\/medprepp.ca\\\/join-afmc-board-of-directors\\\/\",\"name\":\"Join AFMC Board of Directors! - MedPREPP\",\"isPartOf\":{\"@id\":\"https:\\\/\\\/medprepp.mysites.io\\\/#website\"},\"datePublished\":\"2026-08-20T16:15:36+00:00\",\"dateModified\":\"2026-08-25T13:58:01+00:00\",\"breadcrumb\":{\"@id\":\"https:\\\/\\\/medprepp.ca\\\/join-afmc-board-of-directors\\\/#breadcrumb\"},\"inLanguage\":\"fr-CA\",\"potentialAction\":[{\"@type\":\"ReadAction\",\"target\":[\"https:\\\/\\\/medprepp.ca\\\/join-afmc-board-of-directors\\\/\"]}]},{\"@type\":\"BreadcrumbList\",\"@id\":\"https:\\\/\\\/medprepp.ca\\\/join-afmc-board-of-directors\\\/#breadcrumb\",\"itemListElement\":[{\"@type\":\"ListItem\",\"position\":1,\"name\":\"Home\",\"item\":\"https:\\\/\\\/medprepp.ca\\\/\"},{\"@type\":\"ListItem\",\"position\":2,\"name\":\"Join AFMC Board of Directors!\"}]},{\"@type\":\"WebSite\",\"@id\":\"https:\\\/\\\/medprepp.mysites.io\\\/#website\",\"url\":\"https:\\\/\\\/medprepp.mysites.io\\\/\",\"name\":\"MEDPREPP\",\"description\":\"Academic Medicine \u2014 Preparation and Pathways\",\"publisher\":{\"@id\":\"https:\\\/\\\/medprepp.mysites.io\\\/#organization\"},\"potentialAction\":[{\"@type\":\"SearchAction\",\"target\":{\"@type\":\"EntryPoint\",\"urlTemplate\":\"https:\\\/\\\/medprepp.mysites.io\\\/?s={search_term_string}\"},\"query-input\":{\"@type\":\"PropertyValueSpecification\",\"valueRequired\":true,\"valueName\":\"search_term_string\"}}],\"inLanguage\":\"fr-CA\"},{\"@type\":\"Organization\",\"@id\":\"https:\\\/\\\/medprepp.mysites.io\\\/#organization\",\"name\":\"MEDPREPP\",\"url\":\"https:\\\/\\\/medprepp.mysites.io\\\/\",\"logo\":{\"@type\":\"ImageObject\",\"inLanguage\":\"fr-CA\",\"@id\":\"https:\\\/\\\/medprepp.mysites.io\\\/#\\\/schema\\\/logo\\\/image\\\/\",\"url\":\"https:\\\/\\\/medprepp.ca\\\/wp-content\\\/uploads\\\/2025\\\/03\\\/MedPREPP-Logo-Full-Colour.png\",\"contentUrl\":\"https:\\\/\\\/medprepp.ca\\\/wp-content\\\/uploads\\\/2025\\\/03\\\/MedPREPP-Logo-Full-Colour.png\",\"width\":1585,\"height\":433,\"caption\":\"MEDPREPP\"},\"image\":{\"@id\":\"https:\\\/\\\/medprepp.mysites.io\\\/#\\\/schema\\\/logo\\\/image\\\/\"}},{\"@type\":\"Person\",\"@id\":\"https:\\\/\\\/medprepp.mysites.io\\\/#\\\/schema\\\/person\\\/0da72563ae0807117d8b2536aedea5e0\",\"name\":\"Marina Toure\",\"image\":{\"@type\":\"ImageObject\",\"inLanguage\":\"fr-CA\",\"@id\":\"https:\\\/\\\/secure.gravatar.com\\\/avatar\\\/3a162003a7e4459bbb2a40d940e3eb6fc16efd338a0470b3b430d53579f74f77?s=96&d=mm&r=g\",\"url\":\"https:\\\/\\\/secure.gravatar.com\\\/avatar\\\/3a162003a7e4459bbb2a40d940e3eb6fc16efd338a0470b3b430d53579f74f77?s=96&d=mm&r=g\",\"contentUrl\":\"https:\\\/\\\/secure.gravatar.com\\\/avatar\\\/3a162003a7e4459bbb2a40d940e3eb6fc16efd338a0470b3b430d53579f74f77?s=96&d=mm&r=g\",\"caption\":\"Marina Toure\"},\"url\":\"https:\\\/\\\/medprepp.ca\\\/fr\\\/author\\\/marinat\\\/\"}]}<\/script>\n<!-- \/ Yoast SEO plugin. -->","yoast_head_json":{"title":"Join AFMC Board of Directors! - MedPREPP","robots":{"index":"index","follow":"follow","max-snippet":"max-snippet:-1","max-image-preview":"max-image-preview:large","max-video-preview":"max-video-preview:-1"},"canonical":"https:\/\/medprepp.ca\/fr\/join-afmc-board-of-directors\/","og_locale":"fr_CA","og_type":"article","og_title":"Join AFMC Board of Directors! - MedPREPP","og_description":"The Association of Faculties of Medicine of Canada (AFMC) is seeking a Public Member designated to bring the perspective of the learner community to its Board of Directors. This is a unique opportunity for a medical learner to contribute to national discussions on medical education, research, social accountability, and health care, while representing the perspectives [&hellip;]","og_url":"https:\/\/medprepp.ca\/fr\/join-afmc-board-of-directors\/","og_site_name":"MedPREPP","article_published_time":"2026-08-20T16:15:36+00:00","article_modified_time":"2026-08-25T13:58:01+00:00","author":"Marina Toure","twitter_card":"summary_large_image","twitter_misc":{"Written by":"Marina Toure","Est. reading time":"3 minutes"},"schema":{"@context":"https:\/\/schema.org","@graph":[{"@type":"Article","@id":"https:\/\/medprepp.ca\/join-afmc-board-of-directors\/#article","isPartOf":{"@id":"https:\/\/medprepp.ca\/join-afmc-board-of-directors\/"},"author":{"name":"Marina Toure","@id":"https:\/\/medprepp.mysites.io\/#\/schema\/person\/0da72563ae0807117d8b2536aedea5e0"},"headline":"Join AFMC Board of Directors!","datePublished":"2026-08-20T16:15:36+00:00","dateModified":"2026-08-25T13:58:01+00:00","mainEntityOfPage":{"@id":"https:\/\/medprepp.ca\/join-afmc-board-of-directors\/"},"wordCount":474,"publisher":{"@id":"https:\/\/medprepp.mysites.io\/#organization"},"articleSection":["Medical School","Undergraduate Studies"],"inLanguage":"fr-CA"},{"@type":"WebPage","@id":"https:\/\/medprepp.ca\/join-afmc-board-of-directors\/","url":"https:\/\/medprepp.ca\/join-afmc-board-of-directors\/","name":"Join AFMC Board of Directors! - MedPREPP","isPartOf":{"@id":"https:\/\/medprepp.mysites.io\/#website"},"datePublished":"2026-08-20T16:15:36+00:00","dateModified":"2026-08-25T13:58:01+00:00","breadcrumb":{"@id":"https:\/\/medprepp.ca\/join-afmc-board-of-directors\/#breadcrumb"},"inLanguage":"fr-CA","potentialAction":[{"@type":"ReadAction","target":["https:\/\/medprepp.ca\/join-afmc-board-of-directors\/"]}]},{"@type":"BreadcrumbList","@id":"https:\/\/medprepp.ca\/join-afmc-board-of-directors\/#breadcrumb","itemListElement":[{"@type":"ListItem","position":1,"name":"Home","item":"https:\/\/medprepp.ca\/"},{"@type":"ListItem","position":2,"name":"Join AFMC Board of Directors!"}]},{"@type":"WebSite","@id":"https:\/\/medprepp.mysites.io\/#website","url":"https:\/\/medprepp.mysites.io\/","name":"MEDPREPP","description":"Academic Medicine \u2014 Preparation and Pathways","publisher":{"@id":"https:\/\/medprepp.mysites.io\/#organization"},"potentialAction":[{"@type":"SearchAction","target":{"@type":"EntryPoint","urlTemplate":"https:\/\/medprepp.mysites.io\/?s={search_term_string}"},"query-input":{"@type":"PropertyValueSpecification","valueRequired":true,"valueName":"search_term_string"}}],"inLanguage":"fr-CA"},{"@type":"Organization","@id":"https:\/\/medprepp.mysites.io\/#organization","name":"MEDPREPP","url":"https:\/\/medprepp.mysites.io\/","logo":{"@type":"ImageObject","inLanguage":"fr-CA","@id":"https:\/\/medprepp.mysites.io\/#\/schema\/logo\/image\/","url":"https:\/\/medprepp.ca\/wp-content\/uploads\/2025\/03\/MedPREPP-Logo-Full-Colour.png","contentUrl":"https:\/\/medprepp.ca\/wp-content\/uploads\/2025\/03\/MedPREPP-Logo-Full-Colour.png","width":1585,"height":433,"caption":"MEDPREPP"},"image":{"@id":"https:\/\/medprepp.mysites.io\/#\/schema\/logo\/image\/"}},{"@type":"Person","@id":"https:\/\/medprepp.mysites.io\/#\/schema\/person\/0da72563ae0807117d8b2536aedea5e0","name":"Marina Toure","image":{"@type":"ImageObject","inLanguage":"fr-CA","@id":"https:\/\/secure.gravatar.com\/avatar\/3a162003a7e4459bbb2a40d940e3eb6fc16efd338a0470b3b430d53579f74f77?s=96&d=mm&r=g","url":"https:\/\/secure.gravatar.com\/avatar\/3a162003a7e4459bbb2a40d940e3eb6fc16efd338a0470b3b430d53579f74f77?s=96&d=mm&r=g","contentUrl":"https:\/\/secure.gravatar.com\/avatar\/3a162003a7e4459bbb2a40d940e3eb6fc16efd338a0470b3b430d53579f74f77?s=96&d=mm&r=g","caption":"Marina Toure"},"url":"https:\/\/medprepp.ca\/fr\/author\/marinat\/"}]}},"_links":{"self":[{"href":"https:\/\/medprepp.ca\/fr\/wp-json\/wp\/v2\/posts\/854","targetHints":{"allow":["GET"]}}],"collection":[{"href":"https:\/\/medprepp.ca\/fr\/wp-json\/wp\/v2\/posts"}],"about":[{"href":"https:\/\/medprepp.ca\/fr\/wp-json\/wp\/v2\/types\/post"}],"author":[{"embeddable":true,"href":"https:\/\/medprepp.ca\/fr\/wp-json\/wp\/v2\/users\/6"}],"replies":[{"embeddable":true,"href":"https:\/\/medprepp.ca\/fr\/wp-json\/wp\/v2\/comments?post=854"}],"version-history":[{"count":10,"href":"https:\/\/medprepp.ca\/fr\/wp-json\/wp\/v2\/posts\/854\/revisions"}],"predecessor-version":[{"id":865,"href":"https:\/\/medprepp.ca\/fr\/wp-json\/wp\/v2\/posts\/854\/revisions\/865"}],"wp:attachment":[{"href":"https:\/\/medprepp.ca\/fr\/wp-json\/wp\/v2\/media?parent=854"}],"wp:term":[{"taxonomy":"category","embeddable":true,"href":"https:\/\/medprepp.ca\/fr\/wp-json\/wp\/v2\/categories?post=854"},{"taxonomy":"post_tag","embeddable":true,"href":"https:\/\/medprepp.ca\/fr\/wp-json\/wp\/v2\/tags?post=854"}],"curies":[{"name":"wp","href":"https:\/\/api.w.org\/{rel}","templated":true}]}}